{"id":1904,"date":"2013-03-17T13:33:04","date_gmt":"2013-03-17T11:33:04","guid":{"rendered":"http:\/\/www.kremsl.com\/?p=1904"},"modified":"2013-03-17T13:42:02","modified_gmt":"2013-03-17T11:42:02","slug":"balkonsaison-start-2013","status":"publish","type":"post","link":"https:\/\/www.kremsl.com\/?p=1904","title":{"rendered":"Balkonsaison Start 2013"},"content":{"rendered":"<p>Heute am 17.03.2013 wurde die Balkonsaison in Piding mit dem ersten Fr\u00fchst\u00fcck er\u00f6ffnet.<\/p>\n<p><a href=\"http:\/\/www.kremsl.com\/wp-content\/uploads\/2013\/03\/FH9B5266.jpg\"><img loading=\"lazy\" class=\"aligncenter size-full wp-image-1912\" alt=\"FH9B5266\" src=\"http:\/\/www.kremsl.com\/wp-content\/uploads\/2013\/03\/FH9B5266.jpg\" width=\"1024\" height=\"683\" srcset=\"https:\/\/www.kremsl.com\/wp-content\/uploads\/2013\/03\/FH9B5266.jpg 1024w, https:\/\/www.kremsl.com\/wp-content\/uploads\/2013\/03\/FH9B5266-600x400.jpg 600w\" sizes=\"(max-width: 1024px) 100vw, 1024px\" \/><\/a><\/p>\n<p>Der Staufen schaut zwar noch sehr winterlich aus. Aber rund ums Haus ist schon Fr\u00fchlingsstimmung.<\/p>\n<p>&nbsp;<\/p>\n<div id=\"attachment_1905\" style=\"width: 522px\" class=\"wp-caption aligncenter\"><a href=\"http:\/\/www.kremsl.com\/wp-content\/uploads\/2013\/03\/FH9B5220.jpg\"><img aria-describedby=\"caption-attachment-1905\" loading=\"lazy\" class=\"size-large wp-image-1905\" alt=\"Staufen\" src=\"http:\/\/www.kremsl.com\/wp-content\/uploads\/2013\/03\/FH9B5220-512x768.jpg\" width=\"512\" height=\"768\" srcset=\"https:\/\/www.kremsl.com\/wp-content\/uploads\/2013\/03\/FH9B5220-512x768.jpg 512w, https:\/\/www.kremsl.com\/wp-content\/uploads\/2013\/03\/FH9B5220-300x450.jpg 300w, https:\/\/www.kremsl.com\/wp-content\/uploads\/2013\/03\/FH9B5220.jpg 683w\" sizes=\"(max-width: 512px) 100vw, 512px\" \/><\/a><p id=\"caption-attachment-1905\" class=\"wp-caption-text\">Staufen<\/p><\/div>\n<p><a href=\"http:\/\/www.kremsl.com\/wp-content\/uploads\/2013\/03\/IMG_20130317_123608.jpg\"><img loading=\"lazy\" class=\"aligncenter size-large wp-image-1915\" alt=\"IMG_20130317_123608\" src=\"http:\/\/www.kremsl.com\/wp-content\/uploads\/2013\/03\/IMG_20130317_123608-597x768.jpg\" width=\"597\" height=\"768\" srcset=\"https:\/\/www.kremsl.com\/wp-content\/uploads\/2013\/03\/IMG_20130317_123608-597x768.jpg 597w, https:\/\/www.kremsl.com\/wp-content\/uploads\/2013\/03\/IMG_20130317_123608-350x450.jpg 350w, https:\/\/www.kremsl.com\/wp-content\/uploads\/2013\/03\/IMG_20130317_123608.jpg 1850w\" sizes=\"(max-width: 597px) 100vw, 597px\" \/><\/a><\/p>\n<div id=\"attachment_1906\" style=\"width: 1034px\" class=\"wp-caption aligncenter\"><a href=\"http:\/\/www.kremsl.com\/wp-content\/uploads\/2013\/03\/FH9B5231.jpg\"><img aria-describedby=\"caption-attachment-1906\" loading=\"lazy\" class=\"size-full wp-image-1906\" alt=\"Fr\u00fchling vs. Winter 1\" src=\"http:\/\/www.kremsl.com\/wp-content\/uploads\/2013\/03\/FH9B5231.jpg\" width=\"1024\" height=\"683\" srcset=\"https:\/\/www.kremsl.com\/wp-content\/uploads\/2013\/03\/FH9B5231.jpg 1024w, https:\/\/www.kremsl.com\/wp-content\/uploads\/2013\/03\/FH9B5231-600x400.jpg 600w\" sizes=\"(max-width: 1024px) 100vw, 1024px\" \/><\/a><p id=\"caption-attachment-1906\" class=\"wp-caption-text\">Fr\u00fchling vs. Winter 1<\/p><\/div>\n<div id=\"attachment_1907\" style=\"width: 522px\" class=\"wp-caption aligncenter\"><a href=\"http:\/\/www.kremsl.com\/wp-content\/uploads\/2013\/03\/FH9B5235.jpg\"><img aria-describedby=\"caption-attachment-1907\" loading=\"lazy\" class=\"size-large wp-image-1907\" alt=\"Fr\u00fchling vs. Winter 2\" src=\"http:\/\/www.kremsl.com\/wp-content\/uploads\/2013\/03\/FH9B5235-512x768.jpg\" width=\"512\" height=\"768\" srcset=\"https:\/\/www.kremsl.com\/wp-content\/uploads\/2013\/03\/FH9B5235-512x768.jpg 512w, https:\/\/www.kremsl.com\/wp-content\/uploads\/2013\/03\/FH9B5235-300x450.jpg 300w, https:\/\/www.kremsl.com\/wp-content\/uploads\/2013\/03\/FH9B5235.jpg 683w\" sizes=\"(max-width: 512px) 100vw, 512px\" \/><\/a><p id=\"caption-attachment-1907\" class=\"wp-caption-text\">Fr\u00fchling vs. Winter 2<\/p><\/div>\n<p><a href=\"http:\/\/www.kremsl.com\/wp-content\/uploads\/2013\/03\/FH9B5245.jpg\"><img loading=\"lazy\" class=\"aligncenter size-large wp-image-1908\" alt=\"FH9B5245\" src=\"http:\/\/www.kremsl.com\/wp-content\/uploads\/2013\/03\/FH9B5245.jpg\" width=\"1024\" height=\"682\" srcset=\"https:\/\/www.kremsl.com\/wp-content\/uploads\/2013\/03\/FH9B5245.jpg 1024w, https:\/\/www.kremsl.com\/wp-content\/uploads\/2013\/03\/FH9B5245-600x399.jpg 600w\" sizes=\"(max-width: 1024px) 100vw, 1024px\" \/><\/a> <a href=\"http:\/\/www.kremsl.com\/wp-content\/uploads\/2013\/03\/FH9B5248.jpg\"><img loading=\"lazy\" class=\"aligncenter size-large wp-image-1909\" alt=\"FH9B5248\" src=\"http:\/\/www.kremsl.com\/wp-content\/uploads\/2013\/03\/FH9B5248-512x768.jpg\" width=\"512\" height=\"768\" srcset=\"https:\/\/www.kremsl.com\/wp-content\/uploads\/2013\/03\/FH9B5248-512x768.jpg 512w, https:\/\/www.kremsl.com\/wp-content\/uploads\/2013\/03\/FH9B5248-300x450.jpg 300w, https:\/\/www.kremsl.com\/wp-content\/uploads\/2013\/03\/FH9B5248.jpg 683w\" sizes=\"(max-width: 512px) 100vw, 512px\" \/><\/a> <a href=\"http:\/\/www.kremsl.com\/wp-content\/uploads\/2013\/03\/FH9B5256.jpg\"><img loading=\"lazy\" class=\"aligncenter size-large wp-image-1910\" alt=\"FH9B5256\" src=\"http:\/\/www.kremsl.com\/wp-content\/uploads\/2013\/03\/FH9B5256.jpg\" width=\"1024\" height=\"683\" srcset=\"https:\/\/www.kremsl.com\/wp-content\/uploads\/2013\/03\/FH9B5256.jpg 1024w, https:\/\/www.kremsl.com\/wp-content\/uploads\/2013\/03\/FH9B5256-600x400.jpg 600w\" sizes=\"(max-width: 1024px) 100vw, 1024px\" \/><\/a> <a href=\"http:\/\/www.kremsl.com\/wp-content\/uploads\/2013\/03\/FH9B5259.jpg\"><img loading=\"lazy\" class=\"aligncenter size-large wp-image-1911\" alt=\"FH9B5259\" src=\"http:\/\/www.kremsl.com\/wp-content\/uploads\/2013\/03\/FH9B5259-512x768.jpg\" width=\"512\" height=\"768\" srcset=\"https:\/\/www.kremsl.com\/wp-content\/uploads\/2013\/03\/FH9B5259-512x768.jpg 512w, https:\/\/www.kremsl.com\/wp-content\/uploads\/2013\/03\/FH9B5259-300x450.jpg 300w, https:\/\/www.kremsl.com\/wp-content\/uploads\/2013\/03\/FH9B5259.jpg 683w\" sizes=\"(max-width: 512px) 100vw, 512px\" \/><\/a><\/p>\n","protected":false},"excerpt":{"rendered":"<p>Heute am 17.03.2013 wurde die Balkonsaison in Piding mit dem ersten Fr\u00fchst\u00fcck er\u00f6ffnet. Der Staufen schaut zwar noch sehr winterlich aus. Aber rund ums Haus ist schon Fr\u00fchlingsstimmung. &nbsp;<\/p>\n","protected":false},"author":1,"featured_media":0,"comment_status":"open","ping_status":"open","sticky":false,"template":"","format":"standard","meta":{"ngg_post_thumbnail":0,"_links_to":"","_links_to_target":""},"categories":[1,11,12,13],"tags":[],"_links":{"self":[{"href":"https:\/\/www.kremsl.com\/index.php?rest_route=\/wp\/v2\/posts\/1904"}],"collection":[{"href":"https:\/\/www.kremsl.com\/index.php?rest_route=\/wp\/v2\/posts"}],"about":[{"href":"https:\/\/www.kremsl.com\/index.php?rest_route=\/wp\/v2\/types\/post"}],"author":[{"embeddable":true,"href":"https:\/\/www.kremsl.com\/index.php?rest_route=\/wp\/v2\/users\/1"}],"replies":[{"embeddable":true,"href":"https:\/\/www.kremsl.com\/index.php?rest_route=%2Fwp%2Fv2%2Fcomments&post=1904"}],"version-history":[{"count":3,"href":"https:\/\/www.kremsl.com\/index.php?rest_route=\/wp\/v2\/posts\/1904\/revisions"}],"predecessor-version":[{"id":1914,"href":"https:\/\/www.kremsl.com\/index.php?rest_route=\/wp\/v2\/posts\/1904\/revisions\/1914"}],"wp:attachment":[{"href":"https:\/\/www.kremsl.com\/index.php?rest_route=%2Fwp%2Fv2%2Fmedia&parent=1904"}],"wp:term":[{"taxonomy":"category","embeddable":true,"href":"https:\/\/www.kremsl.com\/index.php?rest_route=%2Fwp%2Fv2%2Fcategories&post=1904"},{"taxonomy":"post_tag","embeddable":true,"href":"https:\/\/www.kremsl.com\/index.php?rest_route=%2Fwp%2Fv2%2Ftags&post=1904"}],"curies":[{"name":"wp","href":"https:\/\/api.w.org\/{rel}","templated":true}]}}